{"id":5516,"date":"2025-10-20T13:05:27","date_gmt":"2025-10-20T11:05:27","guid":{"rendered":"https:\/\/cafe22.pl\/sylwester-2022\/"},"modified":"2025-10-20T13:10:09","modified_gmt":"2025-10-20T11:10:09","slug":"silvester-abend-2025","status":"publish","type":"post","link":"https:\/\/cafe22.pl\/de\/silvester-abend-2025\/","title":{"rendered":"Silvester Abend 2025"},"content":{"rendered":"\n<p>Silvester ist f\u00fcr viele der sch\u00f6nste Abend des Jahres. Es lohnt sich, diese Zeit auf einzigartige und unvergessliche Weise zu verbringen. <br>Ein Neujahrsgru\u00df mit Blick auf die winterliche Skyline von Stettin, beleuchtet von einem Feuerwerk \u2013 nur im 22. Stock unseres Caf\u00e9s!<\/p>\n\n\n\n<h6 class=\"wp-block-heading\">Wir laden Sie ein, das neue Jahr gemeinsam an einem Ort mit der sch\u00f6nsten Aussicht in Stettin zu feiern!<\/h6>\n\n\n\n<p><\/p>\n\n\n\n<p><strong>ALL INCLUSIVE:<\/strong><\/p>\n\n\n\n<ul class=\"wp-block-list\">\n<li>Whisky, Wodka, Wein, Bier <\/li>\n\n\n\n<li>Kalte und hei\u00dfe Getr\u00e4nke <\/li>\n\n\n\n<li>Ein reichhaltiges Buffet mit k\u00f6stlichen warmen Speisen, Snacks und Desserts <\/li>\n<\/ul>\n\n\n\n<p><strong>LIVE-MUSIK!<\/strong><br>Den Abend begleitet ein Live-Auftritt von **Alex Marek Band**, die f\u00fcr beste musikalische Unterhaltung sorgen wird. <br><br><strong>\u00dcBERRASCHUNG DES ABENDS!<br><\/strong>Ein aufregendes Gewinnspiel mit tollen Preisen!<\/p>\n\n\n\n<h5 class=\"wp-block-heading\">Wir garantieren Sektvergn\u00fcgen von 20.00 bis 03.00 Uhr!<\/h5>\n\n\n\n<hr class=\"wp-block-separator has-alpha-channel-opacity\"\/>\n\n\n\n<h5 class=\"wp-block-heading\">Preis: 600 z\u0142 \/ Person<\/h5>\n\n\n\n<p><strong>Reservierung:<\/strong><br>+48 91 359 52 00 <br><a href=\"cafe22@cafe22.pl\">cafe22@cafe22.pl <\/a> <\/p>\n\n\n\n<p>Tickets sind t\u00e4glich im Caf\u00e9 erh\u00e4ltlich 12.00 &#8211; 23.00.<\/p>\n\n\n\n<h6 class=\"wp-block-heading\">Reserviere jetzt und begr\u00fc\u00dfe das neue Jahr stilvoll!<\/h6>\n\n\n\n<hr class=\"wp-block-separator has-alpha-channel-opacity\"\/>\n\n\n\n<p><strong>Hinweis: <\/strong><br>Die Veranstaltung ist nur f\u00fcr Erwachsene. Die Anzahl der Pl\u00e4tze ist begrenzt, und die Tickets sind nicht erstattungsf\u00e4hig.  <\/p>\n\n\n\n<p><\/p>\n\n\n\n<p><\/p>\n","protected":false},"excerpt":{"rendered":"<p>Die Silvesterparty im Caf\u00e9 22 ist ein unvergessliches Erlebnis! Schauen Sie sich unser Angebot an! <\/p>\n","protected":false},"author":1,"featured_media":8794,"comment_status":"closed","ping_status":"open","sticky":false,"template":"","format":"standard","meta":{"_monsterinsights_skip_tracking":false,"_monsterinsights_sitenote_active":false,"_monsterinsights_sitenote_note":"","_monsterinsights_sitenote_category":0,"footnotes":""},"categories":[370],"tags":[],"class_list":["post-5516","post","type-post","status-publish","format-standard","has-post-thumbnail","hentry","category-veranstaltungen-de"],"yoast_head":"<!-- This site is optimized with the Yoast SEO plugin v27.3 - https:\/\/yoast.com\/product\/yoast-seo-wordpress\/ -->\n<title>Silvester Abend 2025 - Caf\u00e9 22<\/title>\n<meta name=\"description\" content=\"Wir laden Sie ein, das neue Jahr gemeinsam an einem Ort mit der sch\u00f6nsten Aussicht in Stettin zu feiern!\" \/>\n<meta name=\"robots\" content=\"index, follow, max-snippet:-1, max-image-preview:large, max-video-preview:-1\" \/>\n<link rel=\"canonical\" href=\"https:\/\/cafe22.pl\/de\/silvester-abend-2025\/\" \/>\n<meta property=\"og:locale\" content=\"de_DE\" \/>\n<meta property=\"og:type\" content=\"article\" \/>\n<meta property=\"og:title\" content=\"Silvester Abend 2025 - Caf\u00e9 22\" \/>\n<meta property=\"og:description\" content=\"Wir laden Sie ein, das neue Jahr gemeinsam an einem Ort mit der sch\u00f6nsten Aussicht in Stettin zu feiern!\" \/>\n<meta property=\"og:url\" content=\"https:\/\/cafe22.pl\/de\/silvester-abend-2025\/\" \/>\n<meta property=\"og:site_name\" content=\"Caf\u00e9 22\" \/>\n<meta property=\"article:publisher\" content=\"https:\/\/www.facebook.com\/Kawiarnia.Cafe.22\" \/>\n<meta property=\"article:published_time\" content=\"2025-10-20T11:05:27+00:00\" \/>\n<meta property=\"article:modified_time\" content=\"2025-10-20T11:10:09+00:00\" \/>\n<meta property=\"og:image\" content=\"https:\/\/cafe22.pl\/wp-content\/uploads\/2024\/11\/cafe-22-sylwester-slajder.jpg\" \/>\n\t<meta property=\"og:image:width\" content=\"800\" \/>\n\t<meta property=\"og:image:height\" content=\"600\" \/>\n\t<meta property=\"og:image:type\" content=\"image\/jpeg\" \/>\n<meta name=\"author\" content=\"wp-admin\" \/>\n<meta name=\"twitter:card\" content=\"summary_large_image\" \/>\n<meta name=\"twitter:creator\" content=\"@cafe22_szczecin\" \/>\n<meta name=\"twitter:site\" content=\"@cafe22_szczecin\" \/>\n<meta name=\"twitter:label1\" content=\"Verfasst von\" \/>\n\t<meta name=\"twitter:data1\" content=\"wp-admin\" \/>\n\t<meta name=\"twitter:label2\" content=\"Gesch\u00e4tzte Lesezeit\" \/>\n\t<meta name=\"twitter:data2\" content=\"2\u00a0Minuten\" \/>\n<script type=\"application\/ld+json\" class=\"yoast-schema-graph\">{\"@context\":\"https:\\\/\\\/schema.org\",\"@graph\":[{\"@type\":\"Article\",\"@id\":\"https:\\\/\\\/cafe22.pl\\\/de\\\/silvester-abend-2025\\\/#article\",\"isPartOf\":{\"@id\":\"https:\\\/\\\/cafe22.pl\\\/de\\\/silvester-abend-2025\\\/\"},\"author\":{\"name\":\"wp-admin\",\"@id\":\"https:\\\/\\\/cafe22.pl\\\/de\\\/#\\\/schema\\\/person\\\/3fc5278b147152442f3b4acce1ea128b\"},\"headline\":\"Silvester Abend 2025\",\"datePublished\":\"2025-10-20T11:05:27+00:00\",\"dateModified\":\"2025-10-20T11:10:09+00:00\",\"mainEntityOfPage\":{\"@id\":\"https:\\\/\\\/cafe22.pl\\\/de\\\/silvester-abend-2025\\\/\"},\"wordCount\":169,\"publisher\":{\"@id\":\"https:\\\/\\\/cafe22.pl\\\/de\\\/#organization\"},\"image\":{\"@id\":\"https:\\\/\\\/cafe22.pl\\\/de\\\/silvester-abend-2025\\\/#primaryimage\"},\"thumbnailUrl\":\"https:\\\/\\\/cafe22.pl\\\/wp-content\\\/uploads\\\/2024\\\/11\\\/cafe-22-sylwester-slajder.jpg\",\"articleSection\":[\"Veranstaltungen\"],\"inLanguage\":\"de\"},{\"@type\":\"WebPage\",\"@id\":\"https:\\\/\\\/cafe22.pl\\\/de\\\/silvester-abend-2025\\\/\",\"url\":\"https:\\\/\\\/cafe22.pl\\\/de\\\/silvester-abend-2025\\\/\",\"name\":\"Silvester Abend 2025 - Caf\u00e9 22\",\"isPartOf\":{\"@id\":\"https:\\\/\\\/cafe22.pl\\\/de\\\/#website\"},\"primaryImageOfPage\":{\"@id\":\"https:\\\/\\\/cafe22.pl\\\/de\\\/silvester-abend-2025\\\/#primaryimage\"},\"image\":{\"@id\":\"https:\\\/\\\/cafe22.pl\\\/de\\\/silvester-abend-2025\\\/#primaryimage\"},\"thumbnailUrl\":\"https:\\\/\\\/cafe22.pl\\\/wp-content\\\/uploads\\\/2024\\\/11\\\/cafe-22-sylwester-slajder.jpg\",\"datePublished\":\"2025-10-20T11:05:27+00:00\",\"dateModified\":\"2025-10-20T11:10:09+00:00\",\"description\":\"Wir laden Sie ein, das neue Jahr gemeinsam an einem Ort mit der sch\u00f6nsten Aussicht in Stettin zu feiern!\",\"breadcrumb\":{\"@id\":\"https:\\\/\\\/cafe22.pl\\\/de\\\/silvester-abend-2025\\\/#breadcrumb\"},\"inLanguage\":\"de\",\"potentialAction\":[{\"@type\":\"ReadAction\",\"target\":[\"https:\\\/\\\/cafe22.pl\\\/de\\\/silvester-abend-2025\\\/\"]}]},{\"@type\":\"ImageObject\",\"inLanguage\":\"de\",\"@id\":\"https:\\\/\\\/cafe22.pl\\\/de\\\/silvester-abend-2025\\\/#primaryimage\",\"url\":\"https:\\\/\\\/cafe22.pl\\\/wp-content\\\/uploads\\\/2024\\\/11\\\/cafe-22-sylwester-slajder.jpg\",\"contentUrl\":\"https:\\\/\\\/cafe22.pl\\\/wp-content\\\/uploads\\\/2024\\\/11\\\/cafe-22-sylwester-slajder.jpg\",\"width\":800,\"height\":600},{\"@type\":\"BreadcrumbList\",\"@id\":\"https:\\\/\\\/cafe22.pl\\\/de\\\/silvester-abend-2025\\\/#breadcrumb\",\"itemListElement\":[{\"@type\":\"ListItem\",\"position\":1,\"name\":\"Hauptseite\",\"item\":\"https:\\\/\\\/cafe22.pl\\\/de\\\/\"},{\"@type\":\"ListItem\",\"position\":2,\"name\":\"Silvester Abend 2025\"}]},{\"@type\":\"WebSite\",\"@id\":\"https:\\\/\\\/cafe22.pl\\\/de\\\/#website\",\"url\":\"https:\\\/\\\/cafe22.pl\\\/de\\\/\",\"name\":\"Caf\u00e9 22\",\"description\":\"Kawiarnia na najwy\u017cszym poziomie\",\"publisher\":{\"@id\":\"https:\\\/\\\/cafe22.pl\\\/de\\\/#organization\"},\"potentialAction\":[{\"@type\":\"SearchAction\",\"target\":{\"@type\":\"EntryPoint\",\"urlTemplate\":\"https:\\\/\\\/cafe22.pl\\\/de\\\/?s={search_term_string}\"},\"query-input\":{\"@type\":\"PropertyValueSpecification\",\"valueRequired\":true,\"valueName\":\"search_term_string\"}}],\"inLanguage\":\"de\"},{\"@type\":\"Organization\",\"@id\":\"https:\\\/\\\/cafe22.pl\\\/de\\\/#organization\",\"name\":\"Caf\u00e9 22\",\"url\":\"https:\\\/\\\/cafe22.pl\\\/de\\\/\",\"logo\":{\"@type\":\"ImageObject\",\"inLanguage\":\"de\",\"@id\":\"https:\\\/\\\/cafe22.pl\\\/de\\\/#\\\/schema\\\/logo\\\/image\\\/\",\"url\":\"https:\\\/\\\/cafe22.pl\\\/wp-content\\\/uploads\\\/2022\\\/03\\\/Cafe22-logo-standard-1.png\",\"contentUrl\":\"https:\\\/\\\/cafe22.pl\\\/wp-content\\\/uploads\\\/2022\\\/03\\\/Cafe22-logo-standard-1.png\",\"width\":330,\"height\":156,\"caption\":\"Caf\u00e9 22\"},\"image\":{\"@id\":\"https:\\\/\\\/cafe22.pl\\\/de\\\/#\\\/schema\\\/logo\\\/image\\\/\"},\"sameAs\":[\"https:\\\/\\\/www.facebook.com\\\/Kawiarnia.Cafe.22\",\"https:\\\/\\\/x.com\\\/cafe22_szczecin\",\"https:\\\/\\\/www.instagram.com\\\/cafe22_kawiarnia\\\/\"]},{\"@type\":\"Person\",\"@id\":\"https:\\\/\\\/cafe22.pl\\\/de\\\/#\\\/schema\\\/person\\\/3fc5278b147152442f3b4acce1ea128b\",\"name\":\"wp-admin\",\"image\":{\"@type\":\"ImageObject\",\"inLanguage\":\"de\",\"@id\":\"https:\\\/\\\/secure.gravatar.com\\\/avatar\\\/7ad18751ed143a874bc99cecb2a70f8234c84ccf2935a3326f7eddfd78b8b454?s=96&d=mm&r=g\",\"url\":\"https:\\\/\\\/secure.gravatar.com\\\/avatar\\\/7ad18751ed143a874bc99cecb2a70f8234c84ccf2935a3326f7eddfd78b8b454?s=96&d=mm&r=g\",\"contentUrl\":\"https:\\\/\\\/secure.gravatar.com\\\/avatar\\\/7ad18751ed143a874bc99cecb2a70f8234c84ccf2935a3326f7eddfd78b8b454?s=96&d=mm&r=g\",\"caption\":\"wp-admin\"},\"sameAs\":[\"https:\\\/\\\/cafe22.pazim.pl\"],\"url\":\"https:\\\/\\\/cafe22.pl\\\/de\\\/author\\\/wp-admin\\\/\"}]}<\/script>\n<!-- \/ Yoast SEO plugin. -->","yoast_head_json":{"title":"Silvester Abend 2025 - Caf\u00e9 22","description":"Wir laden Sie ein, das neue Jahr gemeinsam an einem Ort mit der sch\u00f6nsten Aussicht in Stettin zu feiern!","robots":{"index":"index","follow":"follow","max-snippet":"max-snippet:-1","max-image-preview":"max-image-preview:large","max-video-preview":"max-video-preview:-1"},"canonical":"https:\/\/cafe22.pl\/de\/silvester-abend-2025\/","og_locale":"de_DE","og_type":"article","og_title":"Silvester Abend 2025 - Caf\u00e9 22","og_description":"Wir laden Sie ein, das neue Jahr gemeinsam an einem Ort mit der sch\u00f6nsten Aussicht in Stettin zu feiern!","og_url":"https:\/\/cafe22.pl\/de\/silvester-abend-2025\/","og_site_name":"Caf\u00e9 22","article_publisher":"https:\/\/www.facebook.com\/Kawiarnia.Cafe.22","article_published_time":"2025-10-20T11:05:27+00:00","article_modified_time":"2025-10-20T11:10:09+00:00","og_image":[{"width":800,"height":600,"url":"https:\/\/cafe22.pl\/wp-content\/uploads\/2024\/11\/cafe-22-sylwester-slajder.jpg","type":"image\/jpeg"}],"author":"wp-admin","twitter_card":"summary_large_image","twitter_creator":"@cafe22_szczecin","twitter_site":"@cafe22_szczecin","twitter_misc":{"Verfasst von":"wp-admin","Gesch\u00e4tzte Lesezeit":"2\u00a0Minuten"},"schema":{"@context":"https:\/\/schema.org","@graph":[{"@type":"Article","@id":"https:\/\/cafe22.pl\/de\/silvester-abend-2025\/#article","isPartOf":{"@id":"https:\/\/cafe22.pl\/de\/silvester-abend-2025\/"},"author":{"name":"wp-admin","@id":"https:\/\/cafe22.pl\/de\/#\/schema\/person\/3fc5278b147152442f3b4acce1ea128b"},"headline":"Silvester Abend 2025","datePublished":"2025-10-20T11:05:27+00:00","dateModified":"2025-10-20T11:10:09+00:00","mainEntityOfPage":{"@id":"https:\/\/cafe22.pl\/de\/silvester-abend-2025\/"},"wordCount":169,"publisher":{"@id":"https:\/\/cafe22.pl\/de\/#organization"},"image":{"@id":"https:\/\/cafe22.pl\/de\/silvester-abend-2025\/#primaryimage"},"thumbnailUrl":"https:\/\/cafe22.pl\/wp-content\/uploads\/2024\/11\/cafe-22-sylwester-slajder.jpg","articleSection":["Veranstaltungen"],"inLanguage":"de"},{"@type":"WebPage","@id":"https:\/\/cafe22.pl\/de\/silvester-abend-2025\/","url":"https:\/\/cafe22.pl\/de\/silvester-abend-2025\/","name":"Silvester Abend 2025 - Caf\u00e9 22","isPartOf":{"@id":"https:\/\/cafe22.pl\/de\/#website"},"primaryImageOfPage":{"@id":"https:\/\/cafe22.pl\/de\/silvester-abend-2025\/#primaryimage"},"image":{"@id":"https:\/\/cafe22.pl\/de\/silvester-abend-2025\/#primaryimage"},"thumbnailUrl":"https:\/\/cafe22.pl\/wp-content\/uploads\/2024\/11\/cafe-22-sylwester-slajder.jpg","datePublished":"2025-10-20T11:05:27+00:00","dateModified":"2025-10-20T11:10:09+00:00","description":"Wir laden Sie ein, das neue Jahr gemeinsam an einem Ort mit der sch\u00f6nsten Aussicht in Stettin zu feiern!","breadcrumb":{"@id":"https:\/\/cafe22.pl\/de\/silvester-abend-2025\/#breadcrumb"},"inLanguage":"de","potentialAction":[{"@type":"ReadAction","target":["https:\/\/cafe22.pl\/de\/silvester-abend-2025\/"]}]},{"@type":"ImageObject","inLanguage":"de","@id":"https:\/\/cafe22.pl\/de\/silvester-abend-2025\/#primaryimage","url":"https:\/\/cafe22.pl\/wp-content\/uploads\/2024\/11\/cafe-22-sylwester-slajder.jpg","contentUrl":"https:\/\/cafe22.pl\/wp-content\/uploads\/2024\/11\/cafe-22-sylwester-slajder.jpg","width":800,"height":600},{"@type":"BreadcrumbList","@id":"https:\/\/cafe22.pl\/de\/silvester-abend-2025\/#breadcrumb","itemListElement":[{"@type":"ListItem","position":1,"name":"Hauptseite","item":"https:\/\/cafe22.pl\/de\/"},{"@type":"ListItem","position":2,"name":"Silvester Abend 2025"}]},{"@type":"WebSite","@id":"https:\/\/cafe22.pl\/de\/#website","url":"https:\/\/cafe22.pl\/de\/","name":"Caf\u00e9 22","description":"Kawiarnia na najwy\u017cszym poziomie","publisher":{"@id":"https:\/\/cafe22.pl\/de\/#organization"},"potentialAction":[{"@type":"SearchAction","target":{"@type":"EntryPoint","urlTemplate":"https:\/\/cafe22.pl\/de\/?s={search_term_string}"},"query-input":{"@type":"PropertyValueSpecification","valueRequired":true,"valueName":"search_term_string"}}],"inLanguage":"de"},{"@type":"Organization","@id":"https:\/\/cafe22.pl\/de\/#organization","name":"Caf\u00e9 22","url":"https:\/\/cafe22.pl\/de\/","logo":{"@type":"ImageObject","inLanguage":"de","@id":"https:\/\/cafe22.pl\/de\/#\/schema\/logo\/image\/","url":"https:\/\/cafe22.pl\/wp-content\/uploads\/2022\/03\/Cafe22-logo-standard-1.png","contentUrl":"https:\/\/cafe22.pl\/wp-content\/uploads\/2022\/03\/Cafe22-logo-standard-1.png","width":330,"height":156,"caption":"Caf\u00e9 22"},"image":{"@id":"https:\/\/cafe22.pl\/de\/#\/schema\/logo\/image\/"},"sameAs":["https:\/\/www.facebook.com\/Kawiarnia.Cafe.22","https:\/\/x.com\/cafe22_szczecin","https:\/\/www.instagram.com\/cafe22_kawiarnia\/"]},{"@type":"Person","@id":"https:\/\/cafe22.pl\/de\/#\/schema\/person\/3fc5278b147152442f3b4acce1ea128b","name":"wp-admin","image":{"@type":"ImageObject","inLanguage":"de","@id":"https:\/\/secure.gravatar.com\/avatar\/7ad18751ed143a874bc99cecb2a70f8234c84ccf2935a3326f7eddfd78b8b454?s=96&d=mm&r=g","url":"https:\/\/secure.gravatar.com\/avatar\/7ad18751ed143a874bc99cecb2a70f8234c84ccf2935a3326f7eddfd78b8b454?s=96&d=mm&r=g","contentUrl":"https:\/\/secure.gravatar.com\/avatar\/7ad18751ed143a874bc99cecb2a70f8234c84ccf2935a3326f7eddfd78b8b454?s=96&d=mm&r=g","caption":"wp-admin"},"sameAs":["https:\/\/cafe22.pazim.pl"],"url":"https:\/\/cafe22.pl\/de\/author\/wp-admin\/"}]}},"publishpress_future_action":{"enabled":false,"date":"2026-05-03 12:18:13","action":"change-status","newStatus":"draft","terms":[],"taxonomy":"category","extraData":[]},"publishpress_future_workflow_manual_trigger":{"enabledWorkflows":[]},"_links":{"self":[{"href":"https:\/\/cafe22.pl\/de\/wp-json\/wp\/v2\/posts\/5516","targetHints":{"allow":["GET"]}}],"collection":[{"href":"https:\/\/cafe22.pl\/de\/wp-json\/wp\/v2\/posts"}],"about":[{"href":"https:\/\/cafe22.pl\/de\/wp-json\/wp\/v2\/types\/post"}],"author":[{"embeddable":true,"href":"https:\/\/cafe22.pl\/de\/wp-json\/wp\/v2\/users\/1"}],"replies":[{"embeddable":true,"href":"https:\/\/cafe22.pl\/de\/wp-json\/wp\/v2\/comments?post=5516"}],"version-history":[{"count":8,"href":"https:\/\/cafe22.pl\/de\/wp-json\/wp\/v2\/posts\/5516\/revisions"}],"predecessor-version":[{"id":8799,"href":"https:\/\/cafe22.pl\/de\/wp-json\/wp\/v2\/posts\/5516\/revisions\/8799"}],"wp:featuredmedia":[{"embeddable":true,"href":"https:\/\/cafe22.pl\/de\/wp-json\/wp\/v2\/media\/8794"}],"wp:attachment":[{"href":"https:\/\/cafe22.pl\/de\/wp-json\/wp\/v2\/media?parent=5516"}],"wp:term":[{"taxonomy":"category","embeddable":true,"href":"https:\/\/cafe22.pl\/de\/wp-json\/wp\/v2\/categories?post=5516"},{"taxonomy":"post_tag","embeddable":true,"href":"https:\/\/cafe22.pl\/de\/wp-json\/wp\/v2\/tags?post=5516"}],"curies":[{"name":"wp","href":"https:\/\/api.w.org\/{rel}","templated":true}]}}