{"id":9373,"date":"2026-04-28T12:29:15","date_gmt":"2026-04-28T10:29:15","guid":{"rendered":"https:\/\/cafe22.pl\/unkategorisiert\/miedzy-warstwami-wystawa-malarstwa-i-grafiki\/"},"modified":"2026-04-28T13:15:58","modified_gmt":"2026-04-28T11:15:58","slug":"zwischen-den-schichten-ausstellung-fuer-malerei-und-grafik","status":"publish","type":"post","link":"https:\/\/cafe22.pl\/de\/ausstellungen\/zwischen-den-schichten-ausstellung-fuer-malerei-und-grafik\/","title":{"rendered":"Zwischen den Schichten \u2013 Ausstellung f\u00fcr Malerei und Grafik"},"content":{"rendered":"\n<p>Wir laden Sie zu einer besonderen Ausstellung ein, die eine Auswahl von Gem\u00e4lden und digitalen Collagen pr\u00e4sentiert.<br>\u201eZwischen den Schichten\u201c ist eine Geschichte \u00fcber das Zusammenspiel von Bildern, Bedeutungen und Emotionen \u2013 \u00fcber das, was auf den ersten Blick sichtbar ist und das, was wir erst nach einer Weile entdecken.<\/p>\n\n\n\n<h4 class=\"wp-block-heading\">Ausstellende K\u00fcnstlerinnen:<\/h4>\n\n\n\n<ul class=\"wp-block-list\">\n<li><strong>Weronika Misiak<\/strong><br>erschafft mehrdimensionale Kompositionen aus Fotografie und Malerei und entwickelt Erz\u00e4hlungen durch den bewussten Einsatz von Ebenen und Details<\/li>\n\n\n\n<li><strong>Marta Kantorska-Smolarek<\/strong><br>nutzt die Acrylmalerei, um Formen und Emotionen durch Farbe, Struktur und einen intuitiven Schaffensprozess zu gestalten<\/li>\n<\/ul>\n\n\n\n<p><strong>Dies ist ein Zusammentreffen zweier Techniken und zweier k\u00fcnstlerischer Sensibilit\u00e4ten, verbunden durch eine gemeinsame Idee \u2013 das Entdecken dessen, was zwischen den Schichten verborgen is<\/strong>t.<\/p>\n\n\n\n<h4 class=\"wp-block-heading\"><strong>Vernissage:<\/strong> <br>Mai, 18:00 Uhr<\/h4>\n\n\n\n<p>Wir laden Sie ein, die Ausstellung in der 22. Etage zu besuchen!<\/p>\n\n\n\n<div style=\"height:12px\" aria-hidden=\"true\" class=\"wp-block-spacer\"><\/div>\n\n\n\n<figure class=\"wp-block-gallery has-nested-images columns-5 is-cropped wp-block-gallery-1 is-layout-flex wp-block-gallery-is-layout-flex\">\n<figure class=\"wp-block-image size-large\"><img loading=\"lazy\" decoding=\"async\" width=\"746\" height=\"1024\" data-id=\"9342\" src=\"https:\/\/cafe22.pl\/wp-content\/uploads\/2026\/04\/Cafe-22-Miedzy-Warstwami-1-1-746x1024.jpg\" alt=\"\" class=\"wp-image-9342\" srcset=\"https:\/\/cafe22.pl\/wp-content\/uploads\/2026\/04\/Cafe-22-Miedzy-Warstwami-1-1-746x1024.jpg 746w, https:\/\/cafe22.pl\/wp-content\/uploads\/2026\/04\/Cafe-22-Miedzy-Warstwami-1-1-219x300.jpg 219w, https:\/\/cafe22.pl\/wp-content\/uploads\/2026\/04\/Cafe-22-Miedzy-Warstwami-1-1-768x1054.jpg 768w, https:\/\/cafe22.pl\/wp-content\/uploads\/2026\/04\/Cafe-22-Miedzy-Warstwami-1-1-100x137.jpg 100w, https:\/\/cafe22.pl\/wp-content\/uploads\/2026\/04\/Cafe-22-Miedzy-Warstwami-1-1-1119x1536.jpg 1119w, https:\/\/cafe22.pl\/wp-content\/uploads\/2026\/04\/Cafe-22-Miedzy-Warstwami-1-1-600x823.jpg 600w, https:\/\/cafe22.pl\/wp-content\/uploads\/2026\/04\/Cafe-22-Miedzy-Warstwami-1-1.jpg 1397w\" sizes=\"auto, (max-width: 746px) 100vw, 746px\" \/><\/figure>\n\n\n\n<figure class=\"wp-block-image size-large\"><img loading=\"lazy\" decoding=\"async\" width=\"727\" height=\"1024\" data-id=\"9345\" src=\"https:\/\/cafe22.pl\/wp-content\/uploads\/2026\/04\/Cafe-22-Miedzy-Warstwami-2-1-727x1024.jpg\" alt=\"\" class=\"wp-image-9345\" srcset=\"https:\/\/cafe22.pl\/wp-content\/uploads\/2026\/04\/Cafe-22-Miedzy-Warstwami-2-1-727x1024.jpg 727w, https:\/\/cafe22.pl\/wp-content\/uploads\/2026\/04\/Cafe-22-Miedzy-Warstwami-2-1-213x300.jpg 213w, https:\/\/cafe22.pl\/wp-content\/uploads\/2026\/04\/Cafe-22-Miedzy-Warstwami-2-1-768x1082.jpg 768w, https:\/\/cafe22.pl\/wp-content\/uploads\/2026\/04\/Cafe-22-Miedzy-Warstwami-2-1-100x141.jpg 100w, https:\/\/cafe22.pl\/wp-content\/uploads\/2026\/04\/Cafe-22-Miedzy-Warstwami-2-1-1091x1536.jpg 1091w, https:\/\/cafe22.pl\/wp-content\/uploads\/2026\/04\/Cafe-22-Miedzy-Warstwami-2-1-600x845.jpg 600w, https:\/\/cafe22.pl\/wp-content\/uploads\/2026\/04\/Cafe-22-Miedzy-Warstwami-2-1.jpg 1454w\" sizes=\"auto, (max-width: 727px) 100vw, 727px\" \/><\/figure>\n\n\n\n<figure class=\"wp-block-image size-large\"><img loading=\"lazy\" decoding=\"async\" width=\"732\" height=\"1024\" data-id=\"9348\" src=\"https:\/\/cafe22.pl\/wp-content\/uploads\/2026\/04\/Cafe-22-Miedzy-Warstwami-3-1-732x1024.jpg\" alt=\"\" class=\"wp-image-9348\" srcset=\"https:\/\/cafe22.pl\/wp-content\/uploads\/2026\/04\/Cafe-22-Miedzy-Warstwami-3-1-732x1024.jpg 732w, https:\/\/cafe22.pl\/wp-content\/uploads\/2026\/04\/Cafe-22-Miedzy-Warstwami-3-1-214x300.jpg 214w, https:\/\/cafe22.pl\/wp-content\/uploads\/2026\/04\/Cafe-22-Miedzy-Warstwami-3-1-768x1075.jpg 768w, https:\/\/cafe22.pl\/wp-content\/uploads\/2026\/04\/Cafe-22-Miedzy-Warstwami-3-1-100x140.jpg 100w, https:\/\/cafe22.pl\/wp-content\/uploads\/2026\/04\/Cafe-22-Miedzy-Warstwami-3-1-1097x1536.jpg 1097w, https:\/\/cafe22.pl\/wp-content\/uploads\/2026\/04\/Cafe-22-Miedzy-Warstwami-3-1-600x840.jpg 600w, https:\/\/cafe22.pl\/wp-content\/uploads\/2026\/04\/Cafe-22-Miedzy-Warstwami-3-1.jpg 1463w\" sizes=\"auto, (max-width: 732px) 100vw, 732px\" \/><\/figure>\n\n\n\n<figure class=\"wp-block-image size-large\"><img loading=\"lazy\" decoding=\"async\" width=\"724\" height=\"1024\" data-id=\"9351\" src=\"https:\/\/cafe22.pl\/wp-content\/uploads\/2026\/04\/Cafe-22-Miedzy-Warstwami-4-724x1024.jpg\" alt=\"\" class=\"wp-image-9351\" srcset=\"https:\/\/cafe22.pl\/wp-content\/uploads\/2026\/04\/Cafe-22-Miedzy-Warstwami-4-724x1024.jpg 724w, https:\/\/cafe22.pl\/wp-content\/uploads\/2026\/04\/Cafe-22-Miedzy-Warstwami-4-212x300.jpg 212w, https:\/\/cafe22.pl\/wp-content\/uploads\/2026\/04\/Cafe-22-Miedzy-Warstwami-4-768x1086.jpg 768w, https:\/\/cafe22.pl\/wp-content\/uploads\/2026\/04\/Cafe-22-Miedzy-Warstwami-4-100x141.jpg 100w, https:\/\/cafe22.pl\/wp-content\/uploads\/2026\/04\/Cafe-22-Miedzy-Warstwami-4-600x849.jpg 600w, https:\/\/cafe22.pl\/wp-content\/uploads\/2026\/04\/Cafe-22-Miedzy-Warstwami-4.jpg 835w\" sizes=\"auto, (max-width: 724px) 100vw, 724px\" \/><\/figure>\n\n\n\n<figure class=\"wp-block-image size-large\"><img loading=\"lazy\" decoding=\"async\" width=\"768\" height=\"1024\" data-id=\"9354\" src=\"https:\/\/cafe22.pl\/wp-content\/uploads\/2026\/04\/Cafe-22-Miedzy-Warstwami-5-768x1024.jpg\" alt=\"\" class=\"wp-image-9354\" srcset=\"https:\/\/cafe22.pl\/wp-content\/uploads\/2026\/04\/Cafe-22-Miedzy-Warstwami-5-768x1024.jpg 768w, https:\/\/cafe22.pl\/wp-content\/uploads\/2026\/04\/Cafe-22-Miedzy-Warstwami-5-225x300.jpg 225w, https:\/\/cafe22.pl\/wp-content\/uploads\/2026\/04\/Cafe-22-Miedzy-Warstwami-5-100x133.jpg 100w, https:\/\/cafe22.pl\/wp-content\/uploads\/2026\/04\/Cafe-22-Miedzy-Warstwami-5-1152x1536.jpg 1152w, https:\/\/cafe22.pl\/wp-content\/uploads\/2026\/04\/Cafe-22-Miedzy-Warstwami-5-600x800.jpg 600w, https:\/\/cafe22.pl\/wp-content\/uploads\/2026\/04\/Cafe-22-Miedzy-Warstwami-5.jpg 1536w\" sizes=\"auto, (max-width: 768px) 100vw, 768px\" \/><\/figure>\n\n\n\n<figure class=\"wp-block-image size-large\"><img loading=\"lazy\" decoding=\"async\" width=\"724\" height=\"1024\" data-id=\"9357\" src=\"https:\/\/cafe22.pl\/wp-content\/uploads\/2026\/04\/Cafe-22-Miedzy-Warstwami-6-724x1024.jpg\" alt=\"\" class=\"wp-image-9357\" srcset=\"https:\/\/cafe22.pl\/wp-content\/uploads\/2026\/04\/Cafe-22-Miedzy-Warstwami-6-724x1024.jpg 724w, https:\/\/cafe22.pl\/wp-content\/uploads\/2026\/04\/Cafe-22-Miedzy-Warstwami-6-212x300.jpg 212w, https:\/\/cafe22.pl\/wp-content\/uploads\/2026\/04\/Cafe-22-Miedzy-Warstwami-6-768x1086.jpg 768w, https:\/\/cafe22.pl\/wp-content\/uploads\/2026\/04\/Cafe-22-Miedzy-Warstwami-6-100x141.jpg 100w, https:\/\/cafe22.pl\/wp-content\/uploads\/2026\/04\/Cafe-22-Miedzy-Warstwami-6-1086x1536.jpg 1086w, https:\/\/cafe22.pl\/wp-content\/uploads\/2026\/04\/Cafe-22-Miedzy-Warstwami-6-600x849.jpg 600w, https:\/\/cafe22.pl\/wp-content\/uploads\/2026\/04\/Cafe-22-Miedzy-Warstwami-6.jpg 1448w\" sizes=\"auto, (max-width: 724px) 100vw, 724px\" \/><\/figure>\n\n\n\n<figure class=\"wp-block-image size-large\"><img loading=\"lazy\" decoding=\"async\" width=\"557\" height=\"787\" data-id=\"9360\" src=\"https:\/\/cafe22.pl\/wp-content\/uploads\/2026\/04\/Cafe-22-Miedzy-Warstwami-7.jpg\" alt=\"\" class=\"wp-image-9360\" srcset=\"https:\/\/cafe22.pl\/wp-content\/uploads\/2026\/04\/Cafe-22-Miedzy-Warstwami-7.jpg 557w, https:\/\/cafe22.pl\/wp-content\/uploads\/2026\/04\/Cafe-22-Miedzy-Warstwami-7-212x300.jpg 212w, https:\/\/cafe22.pl\/wp-content\/uploads\/2026\/04\/Cafe-22-Miedzy-Warstwami-7-100x141.jpg 100w\" sizes=\"auto, (max-width: 557px) 100vw, 557px\" \/><\/figure>\n\n\n\n<figure class=\"wp-block-image size-large\"><img loading=\"lazy\" decoding=\"async\" width=\"545\" height=\"768\" data-id=\"9363\" src=\"https:\/\/cafe22.pl\/wp-content\/uploads\/2026\/04\/Cafe-22-Miedzy-Warstwami-11.jpg\" alt=\"\" class=\"wp-image-9363\" srcset=\"https:\/\/cafe22.pl\/wp-content\/uploads\/2026\/04\/Cafe-22-Miedzy-Warstwami-11.jpg 545w, https:\/\/cafe22.pl\/wp-content\/uploads\/2026\/04\/Cafe-22-Miedzy-Warstwami-11-213x300.jpg 213w, https:\/\/cafe22.pl\/wp-content\/uploads\/2026\/04\/Cafe-22-Miedzy-Warstwami-11-100x141.jpg 100w\" sizes=\"auto, (max-width: 545px) 100vw, 545px\" \/><\/figure>\n<\/figure>\n\n\n\n<p><\/p>\n","protected":false},"excerpt":{"rendered":"<p>Wir laden Sie zu einer besonderen Ausstellung ein, die eine Auswahl von Gem\u00e4lden und digitalen Collagen pr\u00e4sentiert.<\/p>\n","protected":false},"author":1,"featured_media":9332,"comment_status":"closed","ping_status":"open","sticky":false,"template":"","format":"standard","meta":{"_monsterinsights_skip_tracking":false,"_monsterinsights_sitenote_active":false,"_monsterinsights_sitenote_note":"","_monsterinsights_sitenote_category":0,"footnotes":""},"categories":[372],"tags":[],"class_list":["post-9373","post","type-post","status-publish","format-standard","has-post-thumbnail","hentry","category-ausstellungen"],"yoast_head":"<!-- This site is optimized with the Yoast SEO plugin v27.3 - https:\/\/yoast.com\/product\/yoast-seo-wordpress\/ -->\n<title>Zwischen den Schichten \u2013 Ausstellung f\u00fcr Malerei und Grafik - Caf\u00e9 22<\/title>\n<meta name=\"description\" content=\"Wir laden Sie zu einer besonderen Ausstellung ein, die eine Auswahl von Gem\u00e4lden und digitalen Collagen pr\u00e4sentiert.\" \/>\n<meta name=\"robots\" content=\"index, follow, max-snippet:-1, max-image-preview:large, max-video-preview:-1\" \/>\n<link rel=\"canonical\" href=\"https:\/\/cafe22.pl\/de\/ausstellungen\/zwischen-den-schichten-ausstellung-fuer-malerei-und-grafik\/\" \/>\n<meta property=\"og:locale\" content=\"de_DE\" \/>\n<meta property=\"og:type\" content=\"article\" \/>\n<meta property=\"og:title\" content=\"Zwischen den Schichten \u2013 Ausstellung f\u00fcr Malerei und Grafik - Caf\u00e9 22\" \/>\n<meta property=\"og:description\" content=\"Wir laden Sie zu einer besonderen Ausstellung ein, die eine Auswahl von Gem\u00e4lden und digitalen Collagen pr\u00e4sentiert.\" \/>\n<meta property=\"og:url\" content=\"https:\/\/cafe22.pl\/de\/ausstellungen\/zwischen-den-schichten-ausstellung-fuer-malerei-und-grafik\/\" \/>\n<meta property=\"og:site_name\" content=\"Caf\u00e9 22\" \/>\n<meta property=\"article:publisher\" content=\"https:\/\/www.facebook.com\/Kawiarnia.Cafe.22\" \/>\n<meta property=\"article:published_time\" content=\"2026-04-28T10:29:15+00:00\" \/>\n<meta property=\"article:modified_time\" content=\"2026-04-28T11:15:58+00:00\" \/>\n<meta property=\"og:image\" content=\"https:\/\/cafe22.pl\/wp-content\/uploads\/2026\/04\/cafe-wystawa-miedzy-warstwami-www.jpg\" \/>\n\t<meta property=\"og:image:width\" content=\"800\" \/>\n\t<meta property=\"og:image:height\" content=\"600\" \/>\n\t<meta property=\"og:image:type\" content=\"image\/jpeg\" \/>\n<meta name=\"author\" content=\"wp-admin\" \/>\n<meta name=\"twitter:card\" content=\"summary_large_image\" \/>\n<meta name=\"twitter:creator\" content=\"@cafe22_szczecin\" \/>\n<meta name=\"twitter:site\" content=\"@cafe22_szczecin\" \/>\n<meta name=\"twitter:label1\" content=\"Verfasst von\" \/>\n\t<meta name=\"twitter:data1\" content=\"wp-admin\" \/>\n\t<meta name=\"twitter:label2\" content=\"Gesch\u00e4tzte Lesezeit\" \/>\n\t<meta name=\"twitter:data2\" content=\"3\u00a0Minuten\" \/>\n<script type=\"application\/ld+json\" class=\"yoast-schema-graph\">{\"@context\":\"https:\\\/\\\/schema.org\",\"@graph\":[{\"@type\":\"Article\",\"@id\":\"https:\\\/\\\/cafe22.pl\\\/de\\\/ausstellungen\\\/zwischen-den-schichten-ausstellung-fuer-malerei-und-grafik\\\/#article\",\"isPartOf\":{\"@id\":\"https:\\\/\\\/cafe22.pl\\\/de\\\/ausstellungen\\\/zwischen-den-schichten-ausstellung-fuer-malerei-und-grafik\\\/\"},\"author\":{\"name\":\"wp-admin\",\"@id\":\"https:\\\/\\\/cafe22.pl\\\/de\\\/#\\\/schema\\\/person\\\/3fc5278b147152442f3b4acce1ea128b\"},\"headline\":\"Zwischen den Schichten \u2013 Ausstellung f\u00fcr Malerei und Grafik\",\"datePublished\":\"2026-04-28T10:29:15+00:00\",\"dateModified\":\"2026-04-28T11:15:58+00:00\",\"mainEntityOfPage\":{\"@id\":\"https:\\\/\\\/cafe22.pl\\\/de\\\/ausstellungen\\\/zwischen-den-schichten-ausstellung-fuer-malerei-und-grafik\\\/\"},\"wordCount\":142,\"publisher\":{\"@id\":\"https:\\\/\\\/cafe22.pl\\\/de\\\/#organization\"},\"image\":{\"@id\":\"https:\\\/\\\/cafe22.pl\\\/de\\\/ausstellungen\\\/zwischen-den-schichten-ausstellung-fuer-malerei-und-grafik\\\/#primaryimage\"},\"thumbnailUrl\":\"https:\\\/\\\/cafe22.pl\\\/wp-content\\\/uploads\\\/2026\\\/04\\\/cafe-wystawa-miedzy-warstwami-www.jpg\",\"articleSection\":[\"Ausstellungen\"],\"inLanguage\":\"de\"},{\"@type\":\"WebPage\",\"@id\":\"https:\\\/\\\/cafe22.pl\\\/de\\\/ausstellungen\\\/zwischen-den-schichten-ausstellung-fuer-malerei-und-grafik\\\/\",\"url\":\"https:\\\/\\\/cafe22.pl\\\/de\\\/ausstellungen\\\/zwischen-den-schichten-ausstellung-fuer-malerei-und-grafik\\\/\",\"name\":\"Zwischen den Schichten \u2013 Ausstellung f\u00fcr Malerei und Grafik - Caf\u00e9 22\",\"isPartOf\":{\"@id\":\"https:\\\/\\\/cafe22.pl\\\/de\\\/#website\"},\"primaryImageOfPage\":{\"@id\":\"https:\\\/\\\/cafe22.pl\\\/de\\\/ausstellungen\\\/zwischen-den-schichten-ausstellung-fuer-malerei-und-grafik\\\/#primaryimage\"},\"image\":{\"@id\":\"https:\\\/\\\/cafe22.pl\\\/de\\\/ausstellungen\\\/zwischen-den-schichten-ausstellung-fuer-malerei-und-grafik\\\/#primaryimage\"},\"thumbnailUrl\":\"https:\\\/\\\/cafe22.pl\\\/wp-content\\\/uploads\\\/2026\\\/04\\\/cafe-wystawa-miedzy-warstwami-www.jpg\",\"datePublished\":\"2026-04-28T10:29:15+00:00\",\"dateModified\":\"2026-04-28T11:15:58+00:00\",\"description\":\"Wir laden Sie zu einer besonderen Ausstellung ein, die eine Auswahl von Gem\u00e4lden und digitalen Collagen pr\u00e4sentiert.\",\"breadcrumb\":{\"@id\":\"https:\\\/\\\/cafe22.pl\\\/de\\\/ausstellungen\\\/zwischen-den-schichten-ausstellung-fuer-malerei-und-grafik\\\/#breadcrumb\"},\"inLanguage\":\"de\",\"potentialAction\":[{\"@type\":\"ReadAction\",\"target\":[\"https:\\\/\\\/cafe22.pl\\\/de\\\/ausstellungen\\\/zwischen-den-schichten-ausstellung-fuer-malerei-und-grafik\\\/\"]}]},{\"@type\":\"ImageObject\",\"inLanguage\":\"de\",\"@id\":\"https:\\\/\\\/cafe22.pl\\\/de\\\/ausstellungen\\\/zwischen-den-schichten-ausstellung-fuer-malerei-und-grafik\\\/#primaryimage\",\"url\":\"https:\\\/\\\/cafe22.pl\\\/wp-content\\\/uploads\\\/2026\\\/04\\\/cafe-wystawa-miedzy-warstwami-www.jpg\",\"contentUrl\":\"https:\\\/\\\/cafe22.pl\\\/wp-content\\\/uploads\\\/2026\\\/04\\\/cafe-wystawa-miedzy-warstwami-www.jpg\",\"width\":800,\"height\":600},{\"@type\":\"BreadcrumbList\",\"@id\":\"https:\\\/\\\/cafe22.pl\\\/de\\\/ausstellungen\\\/zwischen-den-schichten-ausstellung-fuer-malerei-und-grafik\\\/#breadcrumb\",\"itemListElement\":[{\"@type\":\"ListItem\",\"position\":1,\"name\":\"Hauptseite\",\"item\":\"https:\\\/\\\/cafe22.pl\\\/de\\\/\"},{\"@type\":\"ListItem\",\"position\":2,\"name\":\"Zwischen den Schichten \u2013 Ausstellung f\u00fcr Malerei und Grafik\"}]},{\"@type\":\"WebSite\",\"@id\":\"https:\\\/\\\/cafe22.pl\\\/de\\\/#website\",\"url\":\"https:\\\/\\\/cafe22.pl\\\/de\\\/\",\"name\":\"Caf\u00e9 22\",\"description\":\"Kawiarnia na najwy\u017cszym poziomie\",\"publisher\":{\"@id\":\"https:\\\/\\\/cafe22.pl\\\/de\\\/#organization\"},\"potentialAction\":[{\"@type\":\"SearchAction\",\"target\":{\"@type\":\"EntryPoint\",\"urlTemplate\":\"https:\\\/\\\/cafe22.pl\\\/de\\\/?s={search_term_string}\"},\"query-input\":{\"@type\":\"PropertyValueSpecification\",\"valueRequired\":true,\"valueName\":\"search_term_string\"}}],\"inLanguage\":\"de\"},{\"@type\":\"Organization\",\"@id\":\"https:\\\/\\\/cafe22.pl\\\/de\\\/#organization\",\"name\":\"Caf\u00e9 22\",\"url\":\"https:\\\/\\\/cafe22.pl\\\/de\\\/\",\"logo\":{\"@type\":\"ImageObject\",\"inLanguage\":\"de\",\"@id\":\"https:\\\/\\\/cafe22.pl\\\/de\\\/#\\\/schema\\\/logo\\\/image\\\/\",\"url\":\"https:\\\/\\\/cafe22.pl\\\/wp-content\\\/uploads\\\/2022\\\/03\\\/Cafe22-logo-standard-1.png\",\"contentUrl\":\"https:\\\/\\\/cafe22.pl\\\/wp-content\\\/uploads\\\/2022\\\/03\\\/Cafe22-logo-standard-1.png\",\"width\":330,\"height\":156,\"caption\":\"Caf\u00e9 22\"},\"image\":{\"@id\":\"https:\\\/\\\/cafe22.pl\\\/de\\\/#\\\/schema\\\/logo\\\/image\\\/\"},\"sameAs\":[\"https:\\\/\\\/www.facebook.com\\\/Kawiarnia.Cafe.22\",\"https:\\\/\\\/x.com\\\/cafe22_szczecin\",\"https:\\\/\\\/www.instagram.com\\\/cafe22_kawiarnia\\\/\"]},{\"@type\":\"Person\",\"@id\":\"https:\\\/\\\/cafe22.pl\\\/de\\\/#\\\/schema\\\/person\\\/3fc5278b147152442f3b4acce1ea128b\",\"name\":\"wp-admin\",\"image\":{\"@type\":\"ImageObject\",\"inLanguage\":\"de\",\"@id\":\"https:\\\/\\\/secure.gravatar.com\\\/avatar\\\/7ad18751ed143a874bc99cecb2a70f8234c84ccf2935a3326f7eddfd78b8b454?s=96&d=mm&r=g\",\"url\":\"https:\\\/\\\/secure.gravatar.com\\\/avatar\\\/7ad18751ed143a874bc99cecb2a70f8234c84ccf2935a3326f7eddfd78b8b454?s=96&d=mm&r=g\",\"contentUrl\":\"https:\\\/\\\/secure.gravatar.com\\\/avatar\\\/7ad18751ed143a874bc99cecb2a70f8234c84ccf2935a3326f7eddfd78b8b454?s=96&d=mm&r=g\",\"caption\":\"wp-admin\"},\"sameAs\":[\"https:\\\/\\\/cafe22.pazim.pl\"],\"url\":\"https:\\\/\\\/cafe22.pl\\\/de\\\/author\\\/wp-admin\\\/\"}]}<\/script>\n<!-- \/ Yoast SEO plugin. -->","yoast_head_json":{"title":"Zwischen den Schichten \u2013 Ausstellung f\u00fcr Malerei und Grafik - Caf\u00e9 22","description":"Wir laden Sie zu einer besonderen Ausstellung ein, die eine Auswahl von Gem\u00e4lden und digitalen Collagen pr\u00e4sentiert.","robots":{"index":"index","follow":"follow","max-snippet":"max-snippet:-1","max-image-preview":"max-image-preview:large","max-video-preview":"max-video-preview:-1"},"canonical":"https:\/\/cafe22.pl\/de\/ausstellungen\/zwischen-den-schichten-ausstellung-fuer-malerei-und-grafik\/","og_locale":"de_DE","og_type":"article","og_title":"Zwischen den Schichten \u2013 Ausstellung f\u00fcr Malerei und Grafik - Caf\u00e9 22","og_description":"Wir laden Sie zu einer besonderen Ausstellung ein, die eine Auswahl von Gem\u00e4lden und digitalen Collagen pr\u00e4sentiert.","og_url":"https:\/\/cafe22.pl\/de\/ausstellungen\/zwischen-den-schichten-ausstellung-fuer-malerei-und-grafik\/","og_site_name":"Caf\u00e9 22","article_publisher":"https:\/\/www.facebook.com\/Kawiarnia.Cafe.22","article_published_time":"2026-04-28T10:29:15+00:00","article_modified_time":"2026-04-28T11:15:58+00:00","og_image":[{"width":800,"height":600,"url":"https:\/\/cafe22.pl\/wp-content\/uploads\/2026\/04\/cafe-wystawa-miedzy-warstwami-www.jpg","type":"image\/jpeg"}],"author":"wp-admin","twitter_card":"summary_large_image","twitter_creator":"@cafe22_szczecin","twitter_site":"@cafe22_szczecin","twitter_misc":{"Verfasst von":"wp-admin","Gesch\u00e4tzte Lesezeit":"3\u00a0Minuten"},"schema":{"@context":"https:\/\/schema.org","@graph":[{"@type":"Article","@id":"https:\/\/cafe22.pl\/de\/ausstellungen\/zwischen-den-schichten-ausstellung-fuer-malerei-und-grafik\/#article","isPartOf":{"@id":"https:\/\/cafe22.pl\/de\/ausstellungen\/zwischen-den-schichten-ausstellung-fuer-malerei-und-grafik\/"},"author":{"name":"wp-admin","@id":"https:\/\/cafe22.pl\/de\/#\/schema\/person\/3fc5278b147152442f3b4acce1ea128b"},"headline":"Zwischen den Schichten \u2013 Ausstellung f\u00fcr Malerei und Grafik","datePublished":"2026-04-28T10:29:15+00:00","dateModified":"2026-04-28T11:15:58+00:00","mainEntityOfPage":{"@id":"https:\/\/cafe22.pl\/de\/ausstellungen\/zwischen-den-schichten-ausstellung-fuer-malerei-und-grafik\/"},"wordCount":142,"publisher":{"@id":"https:\/\/cafe22.pl\/de\/#organization"},"image":{"@id":"https:\/\/cafe22.pl\/de\/ausstellungen\/zwischen-den-schichten-ausstellung-fuer-malerei-und-grafik\/#primaryimage"},"thumbnailUrl":"https:\/\/cafe22.pl\/wp-content\/uploads\/2026\/04\/cafe-wystawa-miedzy-warstwami-www.jpg","articleSection":["Ausstellungen"],"inLanguage":"de"},{"@type":"WebPage","@id":"https:\/\/cafe22.pl\/de\/ausstellungen\/zwischen-den-schichten-ausstellung-fuer-malerei-und-grafik\/","url":"https:\/\/cafe22.pl\/de\/ausstellungen\/zwischen-den-schichten-ausstellung-fuer-malerei-und-grafik\/","name":"Zwischen den Schichten \u2013 Ausstellung f\u00fcr Malerei und Grafik - Caf\u00e9 22","isPartOf":{"@id":"https:\/\/cafe22.pl\/de\/#website"},"primaryImageOfPage":{"@id":"https:\/\/cafe22.pl\/de\/ausstellungen\/zwischen-den-schichten-ausstellung-fuer-malerei-und-grafik\/#primaryimage"},"image":{"@id":"https:\/\/cafe22.pl\/de\/ausstellungen\/zwischen-den-schichten-ausstellung-fuer-malerei-und-grafik\/#primaryimage"},"thumbnailUrl":"https:\/\/cafe22.pl\/wp-content\/uploads\/2026\/04\/cafe-wystawa-miedzy-warstwami-www.jpg","datePublished":"2026-04-28T10:29:15+00:00","dateModified":"2026-04-28T11:15:58+00:00","description":"Wir laden Sie zu einer besonderen Ausstellung ein, die eine Auswahl von Gem\u00e4lden und digitalen Collagen pr\u00e4sentiert.","breadcrumb":{"@id":"https:\/\/cafe22.pl\/de\/ausstellungen\/zwischen-den-schichten-ausstellung-fuer-malerei-und-grafik\/#breadcrumb"},"inLanguage":"de","potentialAction":[{"@type":"ReadAction","target":["https:\/\/cafe22.pl\/de\/ausstellungen\/zwischen-den-schichten-ausstellung-fuer-malerei-und-grafik\/"]}]},{"@type":"ImageObject","inLanguage":"de","@id":"https:\/\/cafe22.pl\/de\/ausstellungen\/zwischen-den-schichten-ausstellung-fuer-malerei-und-grafik\/#primaryimage","url":"https:\/\/cafe22.pl\/wp-content\/uploads\/2026\/04\/cafe-wystawa-miedzy-warstwami-www.jpg","contentUrl":"https:\/\/cafe22.pl\/wp-content\/uploads\/2026\/04\/cafe-wystawa-miedzy-warstwami-www.jpg","width":800,"height":600},{"@type":"BreadcrumbList","@id":"https:\/\/cafe22.pl\/de\/ausstellungen\/zwischen-den-schichten-ausstellung-fuer-malerei-und-grafik\/#breadcrumb","itemListElement":[{"@type":"ListItem","position":1,"name":"Hauptseite","item":"https:\/\/cafe22.pl\/de\/"},{"@type":"ListItem","position":2,"name":"Zwischen den Schichten \u2013 Ausstellung f\u00fcr Malerei und Grafik"}]},{"@type":"WebSite","@id":"https:\/\/cafe22.pl\/de\/#website","url":"https:\/\/cafe22.pl\/de\/","name":"Caf\u00e9 22","description":"Kawiarnia na najwy\u017cszym poziomie","publisher":{"@id":"https:\/\/cafe22.pl\/de\/#organization"},"potentialAction":[{"@type":"SearchAction","target":{"@type":"EntryPoint","urlTemplate":"https:\/\/cafe22.pl\/de\/?s={search_term_string}"},"query-input":{"@type":"PropertyValueSpecification","valueRequired":true,"valueName":"search_term_string"}}],"inLanguage":"de"},{"@type":"Organization","@id":"https:\/\/cafe22.pl\/de\/#organization","name":"Caf\u00e9 22","url":"https:\/\/cafe22.pl\/de\/","logo":{"@type":"ImageObject","inLanguage":"de","@id":"https:\/\/cafe22.pl\/de\/#\/schema\/logo\/image\/","url":"https:\/\/cafe22.pl\/wp-content\/uploads\/2022\/03\/Cafe22-logo-standard-1.png","contentUrl":"https:\/\/cafe22.pl\/wp-content\/uploads\/2022\/03\/Cafe22-logo-standard-1.png","width":330,"height":156,"caption":"Caf\u00e9 22"},"image":{"@id":"https:\/\/cafe22.pl\/de\/#\/schema\/logo\/image\/"},"sameAs":["https:\/\/www.facebook.com\/Kawiarnia.Cafe.22","https:\/\/x.com\/cafe22_szczecin","https:\/\/www.instagram.com\/cafe22_kawiarnia\/"]},{"@type":"Person","@id":"https:\/\/cafe22.pl\/de\/#\/schema\/person\/3fc5278b147152442f3b4acce1ea128b","name":"wp-admin","image":{"@type":"ImageObject","inLanguage":"de","@id":"https:\/\/secure.gravatar.com\/avatar\/7ad18751ed143a874bc99cecb2a70f8234c84ccf2935a3326f7eddfd78b8b454?s=96&d=mm&r=g","url":"https:\/\/secure.gravatar.com\/avatar\/7ad18751ed143a874bc99cecb2a70f8234c84ccf2935a3326f7eddfd78b8b454?s=96&d=mm&r=g","contentUrl":"https:\/\/secure.gravatar.com\/avatar\/7ad18751ed143a874bc99cecb2a70f8234c84ccf2935a3326f7eddfd78b8b454?s=96&d=mm&r=g","caption":"wp-admin"},"sameAs":["https:\/\/cafe22.pazim.pl"],"url":"https:\/\/cafe22.pl\/de\/author\/wp-admin\/"}]}},"publishpress_future_action":{"enabled":true,"date":"2026-06-30 23:13:00","action":"change-status","newStatus":"draft","terms":[],"taxonomy":"category","extraData":[]},"publishpress_future_workflow_manual_trigger":{"enabledWorkflows":[]},"_links":{"self":[{"href":"https:\/\/cafe22.pl\/de\/wp-json\/wp\/v2\/posts\/9373","targetHints":{"allow":["GET"]}}],"collection":[{"href":"https:\/\/cafe22.pl\/de\/wp-json\/wp\/v2\/posts"}],"about":[{"href":"https:\/\/cafe22.pl\/de\/wp-json\/wp\/v2\/types\/post"}],"author":[{"embeddable":true,"href":"https:\/\/cafe22.pl\/de\/wp-json\/wp\/v2\/users\/1"}],"replies":[{"embeddable":true,"href":"https:\/\/cafe22.pl\/de\/wp-json\/wp\/v2\/comments?post=9373"}],"version-history":[{"count":3,"href":"https:\/\/cafe22.pl\/de\/wp-json\/wp\/v2\/posts\/9373\/revisions"}],"predecessor-version":[{"id":9381,"href":"https:\/\/cafe22.pl\/de\/wp-json\/wp\/v2\/posts\/9373\/revisions\/9381"}],"wp:featuredmedia":[{"embeddable":true,"href":"https:\/\/cafe22.pl\/de\/wp-json\/wp\/v2\/media\/9332"}],"wp:attachment":[{"href":"https:\/\/cafe22.pl\/de\/wp-json\/wp\/v2\/media?parent=9373"}],"wp:term":[{"taxonomy":"category","embeddable":true,"href":"https:\/\/cafe22.pl\/de\/wp-json\/wp\/v2\/categories?post=9373"},{"taxonomy":"post_tag","embeddable":true,"href":"https:\/\/cafe22.pl\/de\/wp-json\/wp\/v2\/tags?post=9373"}],"curies":[{"name":"wp","href":"https:\/\/api.w.org\/{rel}","templated":true}]}}